{"id":2245,"date":"2021-09-06T19:39:44","date_gmt":"2021-09-06T19:39:44","guid":{"rendered":"https:\/\/www.erikgiasson.com\/?p=2245"},"modified":"2021-09-12T17:32:39","modified_gmt":"2021-09-12T17:32:39","slug":"chercher-a-avoir-raison-est-la-version-pauvre-de-lestime-de-soi","status":"publish","type":"post","link":"https:\/\/www.erikgiasson.com\/fr\/blog\/chercher-a-avoir-raison-est-la-version-pauvre-de-lestime-de-soi\/","title":{"rendered":"Chercher \u00e0 avoir raison est la version pauvre de l\u2019estime de soi"},"content":{"rendered":"<p>La virulence des commentaires sur les r\u00e9seaux sociaux en lien avec diff\u00e9rents sujets polarisants me surprend toujours. En effet, je suis surpris par autant de m\u00e9chancet\u00e9, malveillance, absence d\u2019\u00e9coute et d\u2019empathie pour les autres.<\/p>\n<p>C\u2019est certainement vrai pour ce qui entoure la Covid et les diff\u00e9rentes mesures sanitaires. Je remarque qu\u2019il y a tr\u00e8s peu d\u2019ouverture de la part de ceux qui sont ancr\u00e9s dans leur vision. Je remarque aussi beaucoup d\u2019\u00e9motions n\u00e9gatives qui sont souvent d\u00e9ploy\u00e9es avec virulence pour d\u00e9faire, d\u00e9molir, d\u00e9truire l\u2019autre et son opinion. Journalistes et politiciens se sont d\u2019ailleurs exprim\u00e9s sur ce sujet.<\/p>\n<p>Pourquoi ce besoin de chercher \u00e0 avoir raison au point de vouloir an\u00e9antir l\u2019autre? Je pense que c\u2019est d\u00fb \u00e0 la faiblesse de l\u2019estime de soi et des croyances de la personne qui attaque. Cette personne se s\u00e9curise dans ses croyances et si quelqu\u2019un pense diff\u00e9remment et si l\u2019autre a peut-\u00eatre m\u00eame raison, alors \u00e7a met en danger ce sur quoi elle se basait pour se s\u00e9curiser. Comme son estime de soi est faible, elle se sent menac\u00e9e et son instinct de survie cherchera \u00e0 d\u00e9fendre \u00e0 tout prix son opinion. C\u2019est un peu comme le chien qui jappe lorsqu\u2019il a peur. Vouloir avoir raison \u00e0 tout prix t\u00e9moigne d\u2019une profonde ins\u00e9curit\u00e9 envers soi-m\u00eame et ses croyances.<\/p>\n<p>On retrouve malheureusement ce comportement chez certains leaders qui ont le sentiment d\u2019imposteur et l\u2019impression de ne pas \u00eatre ad\u00e9quat. Pourtant, rien n\u2019est plus dommageable pour une entreprise qu\u2019un leader qui a besoin de contr\u00f4ler pour se s\u00e9curiser. Pour des raisons que j\u2019ai expliqu\u00e9es dans mon 2e livre, quand je travaillais en finance, j\u2019avais peur et j\u2019ai aussi cherch\u00e9 \u00e0 avoir raison.<\/p>\n<p>Aujourd\u2019hui, avec du recul et une bonne dose d\u2019amour propre, j\u2019ai des croyances et des opinions, mais j\u2019aime \u00e9couter les arguments des autres. J\u2019ai aucune envie d\u2019avoir raison. Au contraire, je sais des choses mais il y en a bien plus que je ne sais pas. Je veux \u00e9couter pour apprendre, grandir, devenir une meilleure personne et faire les meilleurs choix possibles pour moi, ma famille et la soci\u00e9t\u00e9.<\/p>","protected":false},"excerpt":{"rendered":"<p>La virulence des commentaires sur les r\u00e9seaux sociaux en lien avec diff\u00e9rents sujets polarisants me surprend toujours. En effet, je suis surpris par autant de m\u00e9chancet\u00e9, malveillance,&hellip;<\/p>\n","protected":false},"author":2,"featured_media":0,"comment_status":"closed","ping_status":"open","sticky":false,"template":"","format":"standard","meta":[],"categories":[1,26],"tags":[],"_links":{"self":[{"href":"https:\/\/www.erikgiasson.com\/fr\/wp-json\/wp\/v2\/posts\/2245"}],"collection":[{"href":"https:\/\/www.erikgiasson.com\/fr\/wp-json\/wp\/v2\/posts"}],"about":[{"href":"https:\/\/www.erikgiasson.com\/fr\/wp-json\/wp\/v2\/types\/post"}],"author":[{"embeddable":true,"href":"https:\/\/www.erikgiasson.com\/fr\/wp-json\/wp\/v2\/users\/2"}],"replies":[{"embeddable":true,"href":"https:\/\/www.erikgiasson.com\/fr\/wp-json\/wp\/v2\/comments?post=2245"}],"version-history":[{"count":1,"href":"https:\/\/www.erikgiasson.com\/fr\/wp-json\/wp\/v2\/posts\/2245\/revisions"}],"predecessor-version":[{"id":2246,"href":"https:\/\/www.erikgiasson.com\/fr\/wp-json\/wp\/v2\/posts\/2245\/revisions\/2246"}],"wp:attachment":[{"href":"https:\/\/www.erikgiasson.com\/fr\/wp-json\/wp\/v2\/media?parent=2245"}],"wp:term":[{"taxonomy":"category","embeddable":true,"href":"https:\/\/www.erikgiasson.com\/fr\/wp-json\/wp\/v2\/categories?post=2245"},{"taxonomy":"post_tag","embeddable":true,"href":"https:\/\/www.erikgiasson.com\/fr\/wp-json\/wp\/v2\/tags?post=2245"}],"curies":[{"name":"wp","href":"https:\/\/api.w.org\/{rel}","templated":true}]}}